{"id":150,"date":"2022-03-03T13:07:32","date_gmt":"2022-03-03T12:07:32","guid":{"rendered":"http:\/\/mvtpaix06.org\/www\/?p=150"},"modified":"2022-03-03T13:07:32","modified_gmt":"2022-03-03T12:07:32","slug":"mobilisations-stop-a-la-guerre-en-ukraine","status":"publish","type":"post","link":"http:\/\/mvtpaix06.org\/www\/?p=150","title":{"rendered":"Mobilisations STOP \u00e0 la GUERRE en UKRAINE !"},"content":{"rendered":"<p><img loading=\"lazy\" decoding=\"async\" class=\"alignnone size-full wp-image-151\" src=\"http:\/\/mvtpaix06.org\/www\/wp-content\/uploads\/2022\/03\/Image-Non-a-la-guerre-en-Ukraine.jpg\" alt=\"\" width=\"1200\" height=\"1000\" srcset=\"http:\/\/mvtpaix06.org\/www\/wp-content\/uploads\/2022\/03\/Image-Non-a-la-guerre-en-Ukraine.jpg 1200w, http:\/\/mvtpaix06.org\/www\/wp-content\/uploads\/2022\/03\/Image-Non-a-la-guerre-en-Ukraine-300x250.jpg 300w, http:\/\/mvtpaix06.org\/www\/wp-content\/uploads\/2022\/03\/Image-Non-a-la-guerre-en-Ukraine-1024x853.jpg 1024w, http:\/\/mvtpaix06.org\/www\/wp-content\/uploads\/2022\/03\/Image-Non-a-la-guerre-en-Ukraine-768x640.jpg 768w, http:\/\/mvtpaix06.org\/www\/wp-content\/uploads\/2022\/03\/Image-Non-a-la-guerre-en-Ukraine-360x300.jpg 360w\" sizes=\"auto, (max-width: 1200px) 100vw, 1200px\" \/><\/p>\n<p><span style=\"font-size: 18pt;\">Partout, dans le monde, \u00e0 travers l&rsquo;Europe, en France,<\/span><\/p>\n<p><span style=\"font-size: 18pt;\">multiplions les manifestations pour dire <\/span><\/p>\n<p><span style=\"font-size: 20pt;\"><strong><span style=\"color: #ff0000;\">\u00ab\u00a0NON \u00e0 la guerre, OUI \u00e0 la n\u00e9gociation\u00a0\u00bb<\/span><\/strong><\/span><\/p>\n<p><span style=\"font-size: 18pt;\"><span style=\"color: #0000ff;\"><strong>Dans les Alpes Maritimes<\/strong><\/span>, Rassemblements \u00e0<\/span><\/p>\n<p><span style=\"font-size: 18pt;\"><strong><span style=\"color: #ff0000;\">NICE<\/span><\/strong> (Place Garibaldi) <strong><em><span style=\"color: #ff0000;\">Jeudi 3 Mars 2022 \u00e0 18h30<\/span><\/em><\/strong><\/span><\/p>\n<p><span style=\"font-size: 18pt;\"><strong><span style=\"color: #ff0000;\">CANNES<\/span><\/strong> (H\u00f4tel de Ville) <strong><em><span style=\"color: #ff0000;\">Samedi 5 Mars 2022 \u00e0 18h<\/span><\/em><\/strong><\/span><\/p>\n","protected":false},"excerpt":{"rendered":"<p>Partout, dans le monde, \u00e0 travers l&rsquo;Europe, en France, multiplions les manifestations pour dire \u00ab\u00a0NON \u00e0 la guerre, OUI \u00e0 la n\u00e9gociation\u00a0\u00bb Dans les Alpes Maritimes, Rassemblements \u00e0 NICE (Place Garibaldi) Jeudi 3 Mars 2022 \u00e0 18h30 CANNES (H\u00f4tel de &hellip; <a href=\"http:\/\/mvtpaix06.org\/www\/?p=150\">Continuer la lecture <span class=\"meta-nav\">&rarr;<\/span><\/a><\/p>\n","protected":false},"author":1,"featured_media":0,"comment_status":"open","ping_status":"open","sticky":false,"template":"","format":"standard","meta":{"footnotes":""},"categories":[3],"tags":[],"class_list":["post-150","post","type-post","status-publish","format-standard","hentry","category-actmvtpaix"],"_links":{"self":[{"href":"http:\/\/mvtpaix06.org\/www\/index.php?rest_route=\/wp\/v2\/posts\/150","targetHints":{"allow":["GET"]}}],"collection":[{"href":"http:\/\/mvtpaix06.org\/www\/index.php?rest_route=\/wp\/v2\/posts"}],"about":[{"href":"http:\/\/mvtpaix06.org\/www\/index.php?rest_route=\/wp\/v2\/types\/post"}],"author":[{"embeddable":true,"href":"http:\/\/mvtpaix06.org\/www\/index.php?rest_route=\/wp\/v2\/users\/1"}],"replies":[{"embeddable":true,"href":"http:\/\/mvtpaix06.org\/www\/index.php?rest_route=%2Fwp%2Fv2%2Fcomments&post=150"}],"version-history":[{"count":7,"href":"http:\/\/mvtpaix06.org\/www\/index.php?rest_route=\/wp\/v2\/posts\/150\/revisions"}],"predecessor-version":[{"id":161,"href":"http:\/\/mvtpaix06.org\/www\/index.php?rest_route=\/wp\/v2\/posts\/150\/revisions\/161"}],"wp:attachment":[{"href":"http:\/\/mvtpaix06.org\/www\/index.php?rest_route=%2Fwp%2Fv2%2Fmedia&parent=150"}],"wp:term":[{"taxonomy":"category","embeddable":true,"href":"http:\/\/mvtpaix06.org\/www\/index.php?rest_route=%2Fwp%2Fv2%2Fcategories&post=150"},{"taxonomy":"post_tag","embeddable":true,"href":"http:\/\/mvtpaix06.org\/www\/index.php?rest_route=%2Fwp%2Fv2%2Ftags&post=150"}],"curies":[{"name":"wp","href":"https:\/\/api.w.org\/{rel}","templated":true}]}}