{"id":42,"date":"2020-09-28T18:47:18","date_gmt":"2020-09-28T16:47:18","guid":{"rendered":"http:\/\/mvtpaix06.org\/www\/?p=42"},"modified":"2021-12-13T19:09:22","modified_gmt":"2021-12-13T18:09:22","slug":"marche-pour-la-paix-a-nice-un-succes","status":"publish","type":"post","link":"http:\/\/mvtpaix06.org\/www\/?p=42","title":{"rendered":"Marche pour la Paix \u00e0 Nice : un succ\u00e8s !"},"content":{"rendered":"<p><strong><span style=\"font-size: 14pt;\">Samedi 19 septembre 2020,<\/span><\/strong><br \/>\n<strong><span style=\"font-size: 14pt; color: #993300;\"><em>Ensemble, nous avons march\u00e9 pour la Paix, la justice et les droits humains, le Climat et le d\u00e9sarmement nucl\u00e9aire !<br \/>\n<img loading=\"lazy\" decoding=\"async\" class=\"alignnone wp-image-43 size-full\" src=\"http:\/\/mvtpaix06.org\/www\/wp-content\/uploads\/2021\/12\/Marche-Paix-19-09-2020-1.jpg\" alt=\"\" width=\"676\" height=\"500\" srcset=\"http:\/\/mvtpaix06.org\/www\/wp-content\/uploads\/2021\/12\/Marche-Paix-19-09-2020-1.jpg 676w, http:\/\/mvtpaix06.org\/www\/wp-content\/uploads\/2021\/12\/Marche-Paix-19-09-2020-1-300x222.jpg 300w, http:\/\/mvtpaix06.org\/www\/wp-content\/uploads\/2021\/12\/Marche-Paix-19-09-2020-1-406x300.jpg 406w\" sizes=\"auto, (max-width: 676px) 100vw, 676px\" \/> <img loading=\"lazy\" decoding=\"async\" class=\"alignnone wp-image-44\" src=\"http:\/\/mvtpaix06.org\/www\/wp-content\/uploads\/2021\/12\/Marche-Paix-19-09-2020-2-300x202.jpg\" alt=\"\" width=\"676\" height=\"455\" srcset=\"http:\/\/mvtpaix06.org\/www\/wp-content\/uploads\/2021\/12\/Marche-Paix-19-09-2020-2-300x202.jpg 300w, http:\/\/mvtpaix06.org\/www\/wp-content\/uploads\/2021\/12\/Marche-Paix-19-09-2020-2-445x300.jpg 445w, http:\/\/mvtpaix06.org\/www\/wp-content\/uploads\/2021\/12\/Marche-Paix-19-09-2020-2.jpg 723w\" sizes=\"auto, (max-width: 676px) 100vw, 676px\" \/><br \/>\n<\/em><\/span><\/strong><\/p>\n<p><em><span style=\"font-size: 12pt;\">Le Mouvement de la Paix des Alpes Maritimes remercie chaleureusement, pour leur soutien ind\u00e9fectible, \u00a0leurs amis et partenaires locaux, citoyen(ne)s, associations, partis et syndicats\u00a0:<\/span><\/em><br \/>\n<span style=\"color: #3366ff; font-size: 12pt;\">Association France Palestine Solidarit\u00e9 (AFPS) 06, Association des Libres Penseurs des Alpes Maritimes (ALPAM) , Collectif \u00ab\u00a0Citoyens Pour Le Climat\u00a0 Nice\u00a0\u00bb, Ensemble 06, FSU 06, Gilets Jaunes, JC 06, Libre Pens\u00e9e 06, MRAP 06, Pax Christi 06, PCF 06, SNUipp 06, \u00a0UD-CGT 06 <\/span><br \/>\n<em><span style=\"font-size: 16pt; color: #993300;\">Ensemble, agissons pour fa\u00e7onner la paix et d\u00e9velopper une culture de la paix dans le monde\u00a0!<\/span><br \/>\n<\/em>Dans ce contexte marqu\u00e9 par la pand\u00e9mie, dans le respect des r\u00e8gles sanitaires (distanciation physique, port du masque\u2026) et malgr\u00e9 une m\u00e9t\u00e9o mena\u00e7ante, environ 70 personnes se sont rassembl\u00e9es sur la place Garibaldi, place embl\u00e9matique de Nice, avec prises de parole\u2026<br \/>\nRappel de :la c\u00e9l\u00e9bration de la Journ\u00e9e Internationale de la Paix dans le monde entier (21 Septembre),<\/p>\n<ul>\n<li>la Journ\u00e9e des Nations Unies pour l\u2019\u00e9limination totale des armes nucl\u00e9aires (26 Septembre),<\/li>\n<li>l\u2019urgence de la ratification du Trait\u00e9 d\u2019Interdiction des Armes Nucl\u00e9aires (TIAN) adopt\u00e9 \u00e0 l\u2019ONU le 7 juillet 2017<\/li>\n<\/ul>\n<p>Marche dynamique avec slogans vari\u00e9s, entre autres :<br \/>\n\u00ab\u00a0De l\u2019argent aux infirmi\u00e8res pas aux armes nucl\u00e9aires\u00a0!\u00a0\u00bb,<br \/>\n\u00ab\u00a01 missile nucl\u00e9aire = 1 an de salaires pour 7500 infirmi\u00e8res\u00a0! \u00bb,<br \/>\n\u00ab\u00a01 missile nucl\u00e9aire = 150 scanners\u00a0! \u00bb,<br \/>\n\u00ab\u00a0De l\u2019argent pour les Services publics, pas pour les armes nucl\u00e9aires\u00a0!\u00a0\u00bb,<br \/>\n\u00ab\u00a0Paix, Climat, m\u00eame combat\u00a0!\u00a0\u00bb \u2026.<\/p>\n<p>Arr\u00eat rituel au pied de l\u2019Olivier de la Paix devant le lyc\u00e9e Mass\u00e9na\u2026<br \/>\nCort\u00e8ge\u00a0 sympathique o\u00f9\u00a0 r\u00e9gnait <span style=\"color: #3366ff;\">un vrai Climat de Paix\u00a0!<\/span><br \/>\n<span style=\"font-size: 16pt; color: #993300;\"><em>Stop les guerres\u00a0! Stop les violences\u00a0! Stop la mis\u00e8re\u00a0! Stop les injustices\u00a0!<\/em><em><br \/>\n<\/em><em>Pour son avenir, l\u2019Humanit\u00e9 n\u2019a d\u2019autre chemin que la Paix\u00a0!<\/em><\/span><\/p>\n<div id=\"sconnect-is-installed\" style=\"display: none;\"><\/div>\n<div id=\"sconnect-is-installed\" style=\"display: none;\"><\/div>\n","protected":false},"excerpt":{"rendered":"<p>Samedi 19 septembre 2020, Ensemble, nous avons march\u00e9 pour la Paix, la justice et les droits humains, le Climat et le d\u00e9sarmement nucl\u00e9aire ! Le Mouvement de la Paix des Alpes Maritimes remercie chaleureusement, pour leur soutien ind\u00e9fectible, \u00a0leurs amis &hellip; <a href=\"http:\/\/mvtpaix06.org\/www\/?p=42\">Continuer la lecture <span class=\"meta-nav\">&rarr;<\/span><\/a><\/p>\n","protected":false},"author":1,"featured_media":0,"comment_status":"open","ping_status":"open","sticky":false,"template":"","format":"standard","meta":{"footnotes":""},"categories":[3],"tags":[],"class_list":["post-42","post","type-post","status-publish","format-standard","hentry","category-actmvtpaix"],"_links":{"self":[{"href":"http:\/\/mvtpaix06.org\/www\/index.php?rest_route=\/wp\/v2\/posts\/42","targetHints":{"allow":["GET"]}}],"collection":[{"href":"http:\/\/mvtpaix06.org\/www\/index.php?rest_route=\/wp\/v2\/posts"}],"about":[{"href":"http:\/\/mvtpaix06.org\/www\/index.php?rest_route=\/wp\/v2\/types\/post"}],"author":[{"embeddable":true,"href":"http:\/\/mvtpaix06.org\/www\/index.php?rest_route=\/wp\/v2\/users\/1"}],"replies":[{"embeddable":true,"href":"http:\/\/mvtpaix06.org\/www\/index.php?rest_route=%2Fwp%2Fv2%2Fcomments&post=42"}],"version-history":[{"count":2,"href":"http:\/\/mvtpaix06.org\/www\/index.php?rest_route=\/wp\/v2\/posts\/42\/revisions"}],"predecessor-version":[{"id":49,"href":"http:\/\/mvtpaix06.org\/www\/index.php?rest_route=\/wp\/v2\/posts\/42\/revisions\/49"}],"wp:attachment":[{"href":"http:\/\/mvtpaix06.org\/www\/index.php?rest_route=%2Fwp%2Fv2%2Fmedia&parent=42"}],"wp:term":[{"taxonomy":"category","embeddable":true,"href":"http:\/\/mvtpaix06.org\/www\/index.php?rest_route=%2Fwp%2Fv2%2Fcategories&post=42"},{"taxonomy":"post_tag","embeddable":true,"href":"http:\/\/mvtpaix06.org\/www\/index.php?rest_route=%2Fwp%2Fv2%2Ftags&post=42"}],"curies":[{"name":"wp","href":"https:\/\/api.w.org\/{rel}","templated":true}]}}