{"id":62,"date":"2021-02-08T19:36:34","date_gmt":"2021-02-08T18:36:34","guid":{"rendered":"http:\/\/mvtpaix06.org\/www\/?p=62"},"modified":"2021-12-13T20:33:33","modified_gmt":"2021-12-13T19:33:33","slug":"retrait-de-la-loi-securite-globale-1er-acte","status":"publish","type":"post","link":"http:\/\/mvtpaix06.org\/www\/?p=62","title":{"rendered":"RETRAIT de la loi SECURITE GLOBALE (1er acte)"},"content":{"rendered":"<p><img loading=\"lazy\" decoding=\"async\" class=\"wp-image-58 alignleft\" src=\"http:\/\/mvtpaix06.org\/www\/wp-content\/uploads\/2021\/12\/Stop-loi-SG-1-300x300.jpg\" alt=\"\" width=\"200\" height=\"200\" srcset=\"http:\/\/mvtpaix06.org\/www\/wp-content\/uploads\/2021\/12\/Stop-loi-SG-1-300x300.jpg 300w, http:\/\/mvtpaix06.org\/www\/wp-content\/uploads\/2021\/12\/Stop-loi-SG-1-150x150.jpg 150w, http:\/\/mvtpaix06.org\/www\/wp-content\/uploads\/2021\/12\/Stop-loi-SG-1-299x300.jpg 299w, http:\/\/mvtpaix06.org\/www\/wp-content\/uploads\/2021\/12\/Stop-loi-SG-1.jpg 418w\" sizes=\"auto, (max-width: 200px) 100vw, 200px\" \/><br \/>\n<strong><span style=\"font-size: 16pt; color: #993300;\">Manifs \u00e0 CANNES<\/span><\/strong><br \/>\n<strong><span style=\"font-size: 16pt; color: #993300;\">\u2022 <u>3\u00e8me \u00e9pisode<\/u> :<br \/>\nSamedi 30 Janvier 2021<\/span><\/strong><\/p>\n<p><img loading=\"lazy\" decoding=\"async\" class=\"alignnone wp-image-63 size-full\" src=\"http:\/\/mvtpaix06.org\/www\/wp-content\/uploads\/2021\/12\/manif-Cannes-loiSG-1.jpg\" alt=\"\" width=\"666\" height=\"451\" srcset=\"http:\/\/mvtpaix06.org\/www\/wp-content\/uploads\/2021\/12\/manif-Cannes-loiSG-1.jpg 666w, http:\/\/mvtpaix06.org\/www\/wp-content\/uploads\/2021\/12\/manif-Cannes-loiSG-1-300x203.jpg 300w, http:\/\/mvtpaix06.org\/www\/wp-content\/uploads\/2021\/12\/manif-Cannes-loiSG-1-443x300.jpg 443w\" sizes=\"auto, (max-width: 666px) 100vw, 666px\" \/><br \/>\nRassemblement Place Pierre Semard (devant la gare SNCF)<br \/>\n<img loading=\"lazy\" decoding=\"async\" class=\"alignnone wp-image-64 size-full\" src=\"http:\/\/mvtpaix06.org\/www\/wp-content\/uploads\/2021\/12\/manif-Cannes-loiSG-2.jpg\" alt=\"\" width=\"782\" height=\"437\" srcset=\"http:\/\/mvtpaix06.org\/www\/wp-content\/uploads\/2021\/12\/manif-Cannes-loiSG-2.jpg 782w, http:\/\/mvtpaix06.org\/www\/wp-content\/uploads\/2021\/12\/manif-Cannes-loiSG-2-300x168.jpg 300w, http:\/\/mvtpaix06.org\/www\/wp-content\/uploads\/2021\/12\/manif-Cannes-loiSG-2-768x429.jpg 768w, http:\/\/mvtpaix06.org\/www\/wp-content\/uploads\/2021\/12\/manif-Cannes-loiSG-2-500x279.jpg 500w\" sizes=\"auto, (max-width: 782px) 100vw, 782px\" \/><\/p>\n<p><span style=\"font-size: 14pt;\">Discours de Sacha MANCINI,<\/span><br \/>\n<span style=\"font-size: 14pt;\">Pr\u00e9sident du Mouvement de la Paix des Alpes Maritimes :<br \/>\n<img loading=\"lazy\" decoding=\"async\" class=\"size-medium wp-image-65 alignleft\" src=\"http:\/\/mvtpaix06.org\/www\/wp-content\/uploads\/2021\/12\/manif-Cannes-loiSG-3-259x300.jpg\" alt=\"\" width=\"259\" height=\"300\" srcset=\"http:\/\/mvtpaix06.org\/www\/wp-content\/uploads\/2021\/12\/manif-Cannes-loiSG-3-259x300.jpg 259w, http:\/\/mvtpaix06.org\/www\/wp-content\/uploads\/2021\/12\/manif-Cannes-loiSG-3.jpg 626w\" sizes=\"auto, (max-width: 259px) 100vw, 259px\" \/><\/span><\/p>\n<p><span style=\"font-size: 12pt;\">\u00abTrois rapporteurs de l\u2019ONU ont d\u00e9clar\u00e9 craindre que \u201cl\u2019adoption et l\u2019application de cette proposition de loi puissent entra\u00eener des atteintes importantes aux droits de l\u2019homme et aux libert\u00e9s fondamentales\u201d.<\/span><br \/>\n<span style=\"font-size: 12pt;\">Contre leur loi de S\u00e9curit\u00e9 Globale, le Mouvement de la Paix souhaiterait une loi de S\u00e9curit\u00e9 humaine\u00a0: se lib\u00e9rer de la peur et <strong>se pr\u00e9munir contre le besoin<\/strong>.<\/span><br \/>\n<span style=\"font-size: 14pt;\"><em>Se sentir en s\u00e9curit\u00e9<\/em>\u00a0:<\/span><br \/>\n<span style=\"font-size: 12pt;\">La s\u00e9curit\u00e9 des citoyens est un vrai souci sur fond de crise sanitaire, sociale et environnementale.<\/span><br \/>\n<span style=\"font-size: 12pt;\">Comment se sentir en s\u00e9curit\u00e9 devant les virus et les maladies quand les moyens hospitaliers sont trop faibles et que les moyens de la S\u00e9curit\u00e9 Sociale et de la recherche sont grandement diminu\u00e9s\u00a0?<\/span><br \/>\n<span style=\"font-size: 12pt;\">Comment se sentir en s\u00e9curit\u00e9 alimentaire pour ceux, de plus en plus nombreux, qui doivent fr\u00e9quenter, les \u00e9piceries solidaires, les banques alimentaires, le Secours Populaire, les restos du c\u0153urs, etc\u00a0\u2026\u00a0?<\/span><br \/>\n<span style=\"font-size: 12pt;\">Comment se sentir en s\u00e9curit\u00e9 quand on peut \u00eatre discrimin\u00e9 par sa couleur de peau, ses opinions politiques, son appartenance \u00e0 un syndicat, ses opinions religieuses ou son genre\u00a0?<\/span><br \/>\n<span style=\"font-size: 12pt;\">Comment se sentir en s\u00e9curit\u00e9 quand les in\u00e9galit\u00e9s entre les hommes et les femmes perdurent\u00a0?<\/span><br \/>\n<span style=\"font-size: 12pt;\">Comment se sentir en s\u00e9curit\u00e9 quand on est dans l\u2019incertitude de garder son emploi, son logement ou comme beaucoup de jeunes de pouvoir \u00e9tudier ou travailler de fa\u00e7on durable et d\u00e9cente\u00a0?<\/span><br \/>\n<span style=\"font-size: 12pt;\">Pour se sentir en s\u00e9curit\u00e9, un minimum de confiance doit relier le citoyen aux institutions locales, nationales, europ\u00e9ennes et internationales.<\/span><br \/>\n<span style=\"font-size: 12pt;\">Mais quelle confiance avoir quand l\u2019Etat bafoue les lois qu\u2019il a sign\u00e9es\u00a0?<\/span><br \/>\n<span style=\"font-size: 12pt;\">\u2013\u00a0 le TNP en 1992 alors que la France continue l\u2019am\u00e9lioration de son arsenal nucl\u00e9aire,<\/span><br \/>\n<span style=\"font-size: 12pt;\">\u2013\u00a0 la France exporte des armes \u00e0 l\u2019Arabie Saoudite en violation du trait\u00e9 du commerce des armes,<\/span><br \/>\n<span style=\"font-size: 12pt;\">\u2013\u00a0 la France ne respecte pas l\u2019accord de Paris en 2015 augurant un r\u00e9chauffement climatique plus important que pr\u00e9vu.<\/span><\/p>\n<p><span style=\"font-size: 12pt;\">Cette loi \u00ab\u00a0S\u00e9curit\u00e9 Globale\u00a0\u00bb augmente cette m\u00e9fiance envers les institutions et est donc n\u00e9faste \u00e0 la libert\u00e9 de nos concitoyens.<\/span><br \/>\n<span style=\"font-size: 12pt;\">Pour rompre avec toutes ces formes de violences, <strong>le Mouvement de la Paix<\/strong> <strong>demande le retrait de cette loi<\/strong> car la premi\u00e8re s\u00e9curit\u00e9 de l\u2019Homme est de se sentir<strong> libre<\/strong>.\u00a0\u00bb<\/span><\/p>\n<p><span style=\"font-size: 12pt;\"><em>D\u00e9claration collective \u00e0 lire :<br \/>\n<\/em><\/span><a href=\"http:\/\/mvtpaix06.org\/wp-content\/uploads\/2021\/02\/Securite-Globale-Manif-Cannes-30-Janv21-V2.pdf\"><span style=\"font-size: 12pt;\">S\u00e9curit\u00e9 Glo<\/span>bale-Manif Cannes-30 Janv21 -V2<\/a><\/p>\n<p><span style=\"font-size: 14pt;\">\u00a0<\/span><\/p>\n<p>&nbsp;<\/p>\n<div id=\"sconnect-is-installed\" style=\"display: none;\"><\/div>\n<div id=\"sconnect-is-installed\" style=\"display: none;\"><\/div>\n","protected":false},"excerpt":{"rendered":"<p>Manifs \u00e0 CANNES \u2022 3\u00e8me \u00e9pisode : Samedi 30 Janvier 2021 Rassemblement Place Pierre Semard (devant la gare SNCF) Discours de Sacha MANCINI, Pr\u00e9sident du Mouvement de la Paix des Alpes Maritimes : \u00abTrois rapporteurs de l\u2019ONU ont d\u00e9clar\u00e9 craindre &hellip; <a href=\"http:\/\/mvtpaix06.org\/www\/?p=62\">Continuer la lecture <span class=\"meta-nav\">&rarr;<\/span><\/a><\/p>\n","protected":false},"author":1,"featured_media":0,"comment_status":"open","ping_status":"open","sticky":false,"template":"","format":"standard","meta":{"footnotes":""},"categories":[3],"tags":[],"class_list":["post-62","post","type-post","status-publish","format-standard","hentry","category-actmvtpaix"],"_links":{"self":[{"href":"http:\/\/mvtpaix06.org\/www\/index.php?rest_route=\/wp\/v2\/posts\/62","targetHints":{"allow":["GET"]}}],"collection":[{"href":"http:\/\/mvtpaix06.org\/www\/index.php?rest_route=\/wp\/v2\/posts"}],"about":[{"href":"http:\/\/mvtpaix06.org\/www\/index.php?rest_route=\/wp\/v2\/types\/post"}],"author":[{"embeddable":true,"href":"http:\/\/mvtpaix06.org\/www\/index.php?rest_route=\/wp\/v2\/users\/1"}],"replies":[{"embeddable":true,"href":"http:\/\/mvtpaix06.org\/www\/index.php?rest_route=%2Fwp%2Fv2%2Fcomments&post=62"}],"version-history":[{"count":3,"href":"http:\/\/mvtpaix06.org\/www\/index.php?rest_route=\/wp\/v2\/posts\/62\/revisions"}],"predecessor-version":[{"id":81,"href":"http:\/\/mvtpaix06.org\/www\/index.php?rest_route=\/wp\/v2\/posts\/62\/revisions\/81"}],"wp:attachment":[{"href":"http:\/\/mvtpaix06.org\/www\/index.php?rest_route=%2Fwp%2Fv2%2Fmedia&parent=62"}],"wp:term":[{"taxonomy":"category","embeddable":true,"href":"http:\/\/mvtpaix06.org\/www\/index.php?rest_route=%2Fwp%2Fv2%2Fcategories&post=62"},{"taxonomy":"post_tag","embeddable":true,"href":"http:\/\/mvtpaix06.org\/www\/index.php?rest_route=%2Fwp%2Fv2%2Ftags&post=62"}],"curies":[{"name":"wp","href":"https:\/\/api.w.org\/{rel}","templated":true}]}}